{"id":568,"date":"2006-05-03T17:14:44","date_gmt":"2006-05-03T17:14:44","guid":{"rendered":"https:\/\/www.achimbrueckner.de\/freeradio\/php\/wordpress\/?p=568"},"modified":"2006-05-03T17:15:24","modified_gmt":"2006-05-03T17:15:24","slug":"radio-joystick-4","status":"publish","type":"post","link":"https:\/\/www.achimbrueckner.de\/freeradio\/php\/wordpress\/?p=568","title":{"rendered":"Radio Joystick"},"content":{"rendered":"<p>Die aktuelle Sendung von Radio Joystick gibt es jetzt als download unter <a href=\"http:\/\/home.arcor.de\/jhofstadt\/index.html\">Radio Joystick mp3<\/a>.<br \/>\nFile name: RJOY.mp (eine 3 anfuegen \/ add a 3)<\/p>\n<p>Viel Spass! Enjoy!<\/p>\n<p>In der Juni-Sendung koennen wir wieder mit einem Interview aufwarten:<\/p>\n<p>DIE kleine aber feine Firma TWIN TOWN PRODUCTIONS hat soeben Fuenfjaehriges Bestehen gefeiert. Weil sie im Saarland tolle Parties verantwortet und feine Breakbeatscheiben herausbringt, haben wir uns mit DJ Toni Tress, einem der Chefs, fuer Ende Mai verabredet.<br \/>\nSchnellstens nach diesem Termin wird dann das Interview fuer die Juni-Sendung zurecht geschnitten. Ihr koennt euch darauf freuen!<\/p>\n<p>Programme laufen immer am 1. Samstag im Monat um 0900 Utc auf 9290 Khz.<\/p>\n","protected":false},"excerpt":{"rendered":"<p>Die aktuelle Sendung von Radio Joystick gibt es jetzt als download unter Radio Joystick mp3. File name: RJOY.mp (eine 3 anfuegen \/ add a 3) Viel Spass! Enjoy! In der Juni-Sendung koennen wir wieder mit einem Interview aufwarten: DIE kleine aber feine Firma TWIN TOWN PRODUCTIONS hat soeben Fuenfjaehriges Bestehen gefeiert. Weil sie im Saarland &hellip; <a href=\"https:\/\/www.achimbrueckner.de\/freeradio\/php\/wordpress\/?p=568\" class=\"more-link\">Continue reading <span class=\"screen-reader-text\">Radio Joystick<\/span><\/a><\/p>\n","protected":false},"author":1,"featured_media":0,"comment_status":"open","ping_status":"closed","sticky":false,"template":"","format":"standard","meta":{"_jetpack_memberships_contains_paid_content":false,"footnotes":"","jetpack_publicize_message":"","jetpack_publicize_feature_enabled":true,"jetpack_social_post_already_shared":false,"jetpack_social_options":{"image_generator_settings":{"template":"highway","default_image_id":0,"font":"","enabled":false},"version":2}},"categories":[1],"tags":[22],"class_list":["post-568","post","type-post","status-publish","format-standard","hentry","category-uncategorized","tag-am"],"jetpack_publicize_connections":[],"jetpack_featured_media_url":"","jetpack_sharing_enabled":true,"jetpack_shortlink":"https:\/\/wp.me\/p5CD59-9a","jetpack-related-posts":[{"id":1722,"url":"https:\/\/www.achimbrueckner.de\/freeradio\/php\/wordpress\/?p=1722","url_meta":{"origin":568,"position":0},"title":"Radio Joystick","author":"Administrator","date":"January 18, 2007 14:08","format":false,"excerpt":"Radio Joystick sendet ab 2. Februar 2007 auf 1602 Khz via Radio Seagull um 1900 Utc w\u00f6chentlich freitagabends ein einst\u00fcndiges Programm. Hier der dazugeh\u00f6rige Radio Joystick-Newsletter: Die woechentlichen RADIO JOYSTICK-Ausstrahlungen via \"Radio Seagull\" beginnen am 2. Februar 2007. Gesendet wird auf 1602 kHz mit 1 kW. Die NF-Technik unserer Relaystation\u2026","rel":"","context":"In \"AM\"","block_context":{"text":"AM","link":"https:\/\/www.achimbrueckner.de\/freeradio\/php\/wordpress\/?tag=am"},"img":{"alt_text":"","src":"","width":0,"height":0},"classes":[]},{"id":444293,"url":"https:\/\/www.achimbrueckner.de\/freeradio\/php\/wordpress\/?p=444293","url_meta":{"origin":568,"position":1},"title":"Radio Joystick am 20. September 2015","author":"Administrator","date":"September 17, 2015 19:20","format":false,"excerpt":"Radio Joystick am 20. September 2015 Deutschland\/\u00d6sterreich: Radio Joystick bringt am 20. September 2015 eine Sendung mit Interviewausschnitten aus den letzten zehn Jahren. Eingesetzt wird der von den regul\u00e4ren Sendungen her bekannte Sendeplatz: 10.00-11.00 Uhr Weltzeit (+2=MESZ): 7330 (Moosbrunn 100 kW; 283\u00b0) (Bernd Seiser, RTI-H\u00f6rerbriefkasten 11.9.2015) Radio Joystick (http:\/\/radiojoystick.de) ist\u2026","rel":"","context":"In \"AM\"","block_context":{"text":"AM","link":"https:\/\/www.achimbrueckner.de\/freeradio\/php\/wordpress\/?tag=am"},"img":{"alt_text":"","src":"","width":0,"height":0},"classes":[]},{"id":19602,"url":"https:\/\/www.achimbrueckner.de\/freeradio\/php\/wordpress\/?p=19602","url_meta":{"origin":568,"position":2},"title":"RADIO JOYSTICK feiert dreifach!","author":"Administrator","date":"August 30, 2010 12:12","format":false,"excerpt":"25 Jahre Funky Sounds 4 Central Europe! RADIO JOYSTICK FEIERT IM SEPTEMBER 2010 DREIFACH! 25 Jahre Erfolgsgeschichte m\u00fcssen gefeiert werden!RADIO JOYSTICK feiert mit 2 Sendungen und einer Pr\u00e4sentation auf dem Radiotag in Erkrath! 1. DIE AKTUELLE SENDUNG Charlie Prince stellt in seiner Sendung nicht nur Northern-Soul-Geheimtipp Gloria Scott vor, sondern\u2026","rel":"","context":"In \"AM\"","block_context":{"text":"AM","link":"https:\/\/www.achimbrueckner.de\/freeradio\/php\/wordpress\/?tag=am"},"img":{"alt_text":"","src":"","width":0,"height":0},"classes":[]},{"id":1216,"url":"https:\/\/www.achimbrueckner.de\/freeradio\/php\/wordpress\/?p=1216","url_meta":{"origin":568,"position":3},"title":"Radio Joystick","author":"Administrator","date":"November 22, 2006 15:14","format":false,"excerpt":"Radio Joystick ist am 9. Dezember 2006 auf 9290 Khz um 0900 Utc via Lettland zu h\u00f6ren: RADIO JOYSTICKs Funky Newsletter - November 2006 RADIO JOYSTICK - Postfach 10 08 12 - 45408 Muelheim an der Ruhr Hallo, liebe Hoerer(innen)! Noch bevor die neueste Sendung den Weg zu euren Ohren\u2026","rel":"","context":"In \"AM\"","block_context":{"text":"AM","link":"https:\/\/www.achimbrueckner.de\/freeradio\/php\/wordpress\/?tag=am"},"img":{"alt_text":"","src":"","width":0,"height":0},"classes":[]},{"id":1384,"url":"https:\/\/www.achimbrueckner.de\/freeradio\/php\/wordpress\/?p=1384","url_meta":{"origin":568,"position":4},"title":"Radio Joystick","author":"Administrator","date":"December 15, 2006 16:24","format":false,"excerpt":"RADIO JOYSTICK - Funky Sounds 4 Central Europe =================================== Es geht weiter mit Ulbroka! Raimonds Kreicbergs von RNI Radio hat die Details fuer eine zukuenftige Zusammenarbeit bekannt gegeben. Wir haben den erneut um 13 EUR erhoehten Preis Zaehne knirschend hingenommen und damit auch fuer 2007 monatliche Sendungen, ausgestrahlt mit 100\u2026","rel":"","context":"In \"AM\"","block_context":{"text":"AM","link":"https:\/\/www.achimbrueckner.de\/freeradio\/php\/wordpress\/?tag=am"},"img":{"alt_text":"","src":"","width":0,"height":0},"classes":[]},{"id":23066,"url":"https:\/\/www.achimbrueckner.de\/freeradio\/php\/wordpress\/?p=23066","url_meta":{"origin":568,"position":5},"title":"Radio Joystick im Winter auf Mittelwelle","author":"Administrator","date":"October 6, 2011 14:05","format":false,"excerpt":"RADIO JOYSTICK auch auf Mittelwelle! Im Winter wird unsere Sendung nicht nur an jedem ersten Wochenende eines jeden Monats morgens auf Kurzwelle und im Internet ausgestrahlt, sondern parallel dazu auch Samstags abends auf drei Mittelwellen-Frequenzen! Jeden 1. Samstag 21:30-22:30 Uhr deutscher Zeit \u00fcber das AM-Network des Italian Radio Relay Service:\u2026","rel":"","context":"In \"AM\"","block_context":{"text":"AM","link":"https:\/\/www.achimbrueckner.de\/freeradio\/php\/wordpress\/?tag=am"},"img":{"alt_text":"","src":"","width":0,"height":0},"classes":[]}],"_links":{"self":[{"href":"https:\/\/www.achimbrueckner.de\/freeradio\/php\/wordpress\/index.php?rest_route=\/wp\/v2\/posts\/568","targetHints":{"allow":["GET"]}}],"collection":[{"href":"https:\/\/www.achimbrueckner.de\/freeradio\/php\/wordpress\/index.php?rest_route=\/wp\/v2\/posts"}],"about":[{"href":"https:\/\/www.achimbrueckner.de\/freeradio\/php\/wordpress\/index.php?rest_route=\/wp\/v2\/types\/post"}],"author":[{"embeddable":true,"href":"https:\/\/www.achimbrueckner.de\/freeradio\/php\/wordpress\/index.php?rest_route=\/wp\/v2\/users\/1"}],"replies":[{"embeddable":true,"href":"https:\/\/www.achimbrueckner.de\/freeradio\/php\/wordpress\/index.php?rest_route=%2Fwp%2Fv2%2Fcomments&post=568"}],"version-history":[{"count":0,"href":"https:\/\/www.achimbrueckner.de\/freeradio\/php\/wordpress\/index.php?rest_route=\/wp\/v2\/posts\/568\/revisions"}],"wp:attachment":[{"href":"https:\/\/www.achimbrueckner.de\/freeradio\/php\/wordpress\/index.php?rest_route=%2Fwp%2Fv2%2Fmedia&parent=568"}],"wp:term":[{"taxonomy":"category","embeddable":true,"href":"https:\/\/www.achimbrueckner.de\/freeradio\/php\/wordpress\/index.php?rest_route=%2Fwp%2Fv2%2Fcategories&post=568"},{"taxonomy":"post_tag","embeddable":true,"href":"https:\/\/www.achimbrueckner.de\/freeradio\/php\/wordpress\/index.php?rest_route=%2Fwp%2Fv2%2Ftags&post=568"}],"curies":[{"name":"wp","href":"https:\/\/api.w.org\/{rel}","templated":true}]}}