{"id":611,"date":"2006-05-25T09:59:46","date_gmt":"2006-05-25T09:59:46","guid":{"rendered":"https:\/\/www.achimbrueckner.de\/freeradio\/php\/wordpress\/?p=611"},"modified":"2006-05-25T09:59:46","modified_gmt":"2006-05-25T09:59:46","slug":"zender-valencia-3","status":"publish","type":"post","link":"https:\/\/www.achimbrueckner.de\/freeradio\/php\/wordpress\/?p=611","title":{"rendered":"Zender Valencia"},"content":{"rendered":"<p>Zender Valencia ist um 0955 Utc auf 6309 Khz mit O=4 zu h\u00f6ren. Etwas Fading auf der Frequenz aber sch\u00f6nes sattes Signal. Zu h\u00f6ren gibt es holl\u00e4ndische Schlager.<\/p>\n","protected":false},"excerpt":{"rendered":"<p>Zender Valencia ist um 0955 Utc auf 6309 Khz mit O=4 zu h\u00f6ren. Etwas Fading auf der Frequenz aber sch\u00f6nes sattes Signal. Zu h\u00f6ren gibt es holl\u00e4ndische Schlager.<\/p>\n","protected":false},"author":1,"featured_media":0,"comment_status":"open","ping_status":"closed","sticky":false,"template":"","format":"standard","meta":{"_jetpack_memberships_contains_paid_content":false,"footnotes":"","jetpack_publicize_message":"","jetpack_publicize_feature_enabled":true,"jetpack_social_post_already_shared":false,"jetpack_social_options":{"image_generator_settings":{"template":"highway","default_image_id":0,"font":"","enabled":false},"version":2}},"categories":[3],"tags":[],"class_list":["post-611","post","type-post","status-publish","format-standard","hentry","category-empfang"],"jetpack_publicize_connections":[],"jetpack_featured_media_url":"","jetpack_sharing_enabled":true,"jetpack_shortlink":"https:\/\/wp.me\/p5CD59-9R","jetpack-related-posts":[{"id":778,"url":"https:\/\/www.achimbrueckner.de\/freeradio\/php\/wordpress\/?p=778","url_meta":{"origin":611,"position":0},"title":"Zender Valencia","author":"Administrator","date":"August 13, 2006 09:33","format":false,"excerpt":"Jetzt geht das Band etwas auf. Zender Valencia ist um 0930 Utc auf 6310 Khz mit O=3\/4 zu h\u00f6ren. Gespielt werden sch\u00f6ne Oldies.","rel":"","context":"In &quot;Empfang&quot;","block_context":{"text":"Empfang","link":"https:\/\/www.achimbrueckner.de\/freeradio\/php\/wordpress\/?cat=3"},"img":{"alt_text":"","src":"","width":0,"height":0},"classes":[]},{"id":742,"url":"https:\/\/www.achimbrueckner.de\/freeradio\/php\/wordpress\/?p=742","url_meta":{"origin":611,"position":1},"title":"Zender Westcoast","author":"Administrator","date":"July 20, 2006 21:39","format":false,"excerpt":"Zender Westcoast ist um 2135 Utc auf 6303 Khz zu h\u00f6ren. Der Empfang ist O=3\/4 und es gibt sch\u00f6ne Pop-Musik zu h\u00f6ren. Gr\u00fc\u00dfe gehen an den UK-DXer und seine aktuellen logs unter uk-logs. Emails gehen an westcoastam(@)hotmail.com. Vorher war noch eine Station schwach auf 6305 Khz zu h\u00f6ren.","rel":"","context":"In &quot;Empfang&quot;","block_context":{"text":"Empfang","link":"https:\/\/www.achimbrueckner.de\/freeradio\/php\/wordpress\/?cat=3"},"img":{"alt_text":"","src":"","width":0,"height":0},"classes":[]},{"id":722,"url":"https:\/\/www.achimbrueckner.de\/freeradio\/php\/wordpress\/?p=722","url_meta":{"origin":611,"position":2},"title":"Zender Paardenkracht","author":"Administrator","date":"July 9, 2006 08:18","format":false,"excerpt":"Zender Paardenkracht ist um 0815 Utc auf 6325 Khz mit O=4 zu h\u00f6ren. Eine zweite Station ist auf 6269 Khz aktiv, momentan aber wieder mal nicht zu h\u00f6ren.","rel":"","context":"In &quot;Empfang&quot;","block_context":{"text":"Empfang","link":"https:\/\/www.achimbrueckner.de\/freeradio\/php\/wordpress\/?cat=3"},"img":{"alt_text":"","src":"","width":0,"height":0},"classes":[]},{"id":195,"url":"https:\/\/www.achimbrueckner.de\/freeradio\/php\/wordpress\/?p=195","url_meta":{"origin":611,"position":3},"title":"Zender Valencia","author":"Administrator","date":"December 24, 2005 11:02","format":false,"excerpt":"Zender Valencia sendet um 1100 Utc auf der 6305 Khz. Die Frequenz ist arg verrauscht, daher gibt es nur eine O=2\/3. Im Programm gibt es etwas leichtere Musik, wie es zu Weihnachten \u00fcblich ist. Es wird die bekannte SMS-hotline +31 625553365 angesagt.","rel":"","context":"In &quot;Empfang&quot;","block_context":{"text":"Empfang","link":"https:\/\/www.achimbrueckner.de\/freeradio\/php\/wordpress\/?cat=3"},"img":{"alt_text":"","src":"","width":0,"height":0},"classes":[]},{"id":467154,"url":"https:\/\/www.achimbrueckner.de\/freeradio\/php\/wordpress\/?p=467154","url_meta":{"origin":611,"position":4},"title":"Zender DB 1647 Khz","author":"Administrator","date":"June 16, 2022 20:09","format":false,"excerpt":"Immer gut gemachte Programme gibt es von Zender DB auf Mittelwelle zu h\u00f6ren. Heute ist die Station auf der 1647 Khz unterwegs, es gibt H\u00f6rergr\u00fc\u00dfe und viele Polkas und Hits zu h\u00f6ren. Auf den Twente-SDR ist der Empfang in beinahe Ortssenderqualit\u00e4t m\u00f6glich. Emails gehen an radiodb@hotmail.com.","rel":"","context":"In &quot;dxtuners&quot;","block_context":{"text":"dxtuners","link":"https:\/\/www.achimbrueckner.de\/freeradio\/php\/wordpress\/?cat=10"},"img":{"alt_text":"","src":"","width":0,"height":0},"classes":[]},{"id":521,"url":"https:\/\/www.achimbrueckner.de\/freeradio\/php\/wordpress\/?p=521","url_meta":{"origin":611,"position":5},"title":"Zender Digital","author":"Administrator","date":"April 2, 2006 10:18","format":false,"excerpt":"Zender Digital ist um 1016 Utc auf 6288 Khz mit O=3 zu h\u00f6ren. Man f\u00e4hrt ein QSO mit Radio Skyline, ebenfalls mit O=3 zu h\u00f6ren.","rel":"","context":"In &quot;Empfang&quot;","block_context":{"text":"Empfang","link":"https:\/\/www.achimbrueckner.de\/freeradio\/php\/wordpress\/?cat=3"},"img":{"alt_text":"","src":"","width":0,"height":0},"classes":[]}],"_links":{"self":[{"href":"https:\/\/www.achimbrueckner.de\/freeradio\/php\/wordpress\/index.php?rest_route=\/wp\/v2\/posts\/611","targetHints":{"allow":["GET"]}}],"collection":[{"href":"https:\/\/www.achimbrueckner.de\/freeradio\/php\/wordpress\/index.php?rest_route=\/wp\/v2\/posts"}],"about":[{"href":"https:\/\/www.achimbrueckner.de\/freeradio\/php\/wordpress\/index.php?rest_route=\/wp\/v2\/types\/post"}],"author":[{"embeddable":true,"href":"https:\/\/www.achimbrueckner.de\/freeradio\/php\/wordpress\/index.php?rest_route=\/wp\/v2\/users\/1"}],"replies":[{"embeddable":true,"href":"https:\/\/www.achimbrueckner.de\/freeradio\/php\/wordpress\/index.php?rest_route=%2Fwp%2Fv2%2Fcomments&post=611"}],"version-history":[{"count":0,"href":"https:\/\/www.achimbrueckner.de\/freeradio\/php\/wordpress\/index.php?rest_route=\/wp\/v2\/posts\/611\/revisions"}],"wp:attachment":[{"href":"https:\/\/www.achimbrueckner.de\/freeradio\/php\/wordpress\/index.php?rest_route=%2Fwp%2Fv2%2Fmedia&parent=611"}],"wp:term":[{"taxonomy":"category","embeddable":true,"href":"https:\/\/www.achimbrueckner.de\/freeradio\/php\/wordpress\/index.php?rest_route=%2Fwp%2Fv2%2Fcategories&post=611"},{"taxonomy":"post_tag","embeddable":true,"href":"https:\/\/www.achimbrueckner.de\/freeradio\/php\/wordpress\/index.php?rest_route=%2Fwp%2Fv2%2Ftags&post=611"}],"curies":[{"name":"wp","href":"https:\/\/api.w.org\/{rel}","templated":true}]}}