{"id":6755,"date":"2008-05-04T13:20:50","date_gmt":"2008-05-04T13:20:50","guid":{"rendered":"https:\/\/www.achimbrueckner.de\/freeradio\/php\/wordpress\/?p=6755"},"modified":"2008-05-04T13:20:50","modified_gmt":"2008-05-04T13:20:50","slug":"radio-victoria-12","status":"publish","type":"post","link":"https:\/\/www.achimbrueckner.de\/freeradio\/php\/wordpress\/?p=6755","title":{"rendered":"Radio Victoria"},"content":{"rendered":"<p>Anl\u00e4sslich des 25j\u00e4hrigen Stationsjubil\u00e4ums kehrt Radio Victoria noch ein einziges Mal zur\u00fcck in den \u00c4ther:<br \/>\nMit 100 kW aus Lettland, Frequenz: 9290 kHz.<br \/>\nNach einem Testprogramm, das am Sonntag, den 01. Juno und Sonntag, den 03. August 2008, jeweils von 13:00 bis 14:00 Uhr ausgestrahlt wird, d\u00fcrfen sich alle Victoria-Fans f\u00fcr Sonntag, den 21. September 2008 auf die besten, seltensten aber auch typischen Musiktitel aus der Victoria-Zeit sowie Ausschnitten aus den Programmen von damals freuen &#8211; und freilich auch auf ein Wiederh\u00f6ren mit Roger Kirk. Die Jubil\u00e4umssendung wird ausgestrahlt von 11:00 bis 15:00 Uhr. Alle Zeiten in Mitteleurop\u00e4ischer Sommerzeit.<\/p>\n<p>QSL-Sammelw\u00fctige richten ihre Empfangsberichte mit R\u00fcckporto an:<\/p>\n<p>Radio Victoria<br \/>\nc\/o WWDXC<br \/>\nPostfach 1214<br \/>\nD-61282 Bad Homburg<\/p>\n<p>Info via <a href=\"http:\/\/www.radio-victoria.de\">www.radio-victoria.de<\/a><\/p>\n","protected":false},"excerpt":{"rendered":"<p>Anl\u00e4sslich des 25j\u00e4hrigen Stationsjubil\u00e4ums kehrt Radio Victoria noch ein einziges Mal zur\u00fcck in den \u00c4ther: Mit 100 kW aus Lettland, Frequenz: 9290 kHz. Nach einem Testprogramm, das am Sonntag, den 01. Juno und Sonntag, den 03. August 2008, jeweils von 13:00 bis 14:00 Uhr ausgestrahlt wird, d\u00fcrfen sich alle Victoria-Fans f\u00fcr Sonntag, den 21. September &hellip; <a href=\"https:\/\/www.achimbrueckner.de\/freeradio\/php\/wordpress\/?p=6755\" class=\"more-link\">Continue reading <span class=\"screen-reader-text\">Radio Victoria<\/span><\/a><\/p>\n","protected":false},"author":1,"featured_media":0,"comment_status":"open","ping_status":"open","sticky":false,"template":"","format":"standard","meta":{"_jetpack_memberships_contains_paid_content":false,"footnotes":"","jetpack_publicize_message":"","jetpack_publicize_feature_enabled":true,"jetpack_social_post_already_shared":false,"jetpack_social_options":{"image_generator_settings":{"template":"highway","default_image_id":0,"font":"","enabled":false},"version":2}},"categories":[1],"tags":[22,28,48],"class_list":["post-6755","post","type-post","status-publish","format-standard","hentry","category-uncategorized","tag-am","tag-dx","tag-qsl"],"jetpack_publicize_connections":[],"jetpack_featured_media_url":"","jetpack_sharing_enabled":true,"jetpack_shortlink":"https:\/\/wp.me\/p5CD59-1KX","jetpack-related-posts":[{"id":473855,"url":"https:\/\/www.achimbrueckner.de\/freeradio\/php\/wordpress\/?p=473855","url_meta":{"origin":6755,"position":0},"title":"Radio Victoria Kurzwellen-Revival 2024","author":"Administrator","date":"December 16, 2024 16:24","format":false,"excerpt":"Radio Victoria Kurzwellen-Revival 2024 In den achtziger Jahren war dieser Sender f\u00fcr zahlreiche Kurzwellenh\u00f6rer im deutschsprachigen Europa ein Teil ihrer Jugend. F\u00fcr einige war er sogar ein erster Schritt auf dem Weg zum privaten Rundfunk in Deutschland. Radio Victoria, der \"unabh\u00e4ngige Kurzwellen-Musiksender\", kommt gesponsert durch ein ehemaliges Mitglied des \"Victoria\u2026","rel":"","context":"Similar post","block_context":{"text":"Similar post","link":""},"img":{"alt_text":"","src":"","width":0,"height":0},"classes":[]},{"id":37781,"url":"https:\/\/www.achimbrueckner.de\/freeradio\/php\/wordpress\/?p=37781","url_meta":{"origin":6755,"position":1},"title":"Radio Mi Amigo 6070 Khz 3 Januar 2015","author":"Administrator","date":"December 30, 2014 13:58","format":false,"excerpt":"Radio Mi Amigo testet gleich zu Beginn des neuen Jahres eine weitere Frequenz: Kord, von Mi Amigo, gegen\u00fcber FM Kompakt: Samstag, 3. Januar 2015 senden wir auf der 6070 khz im 49m Band von 8-12 Uhr CET am morgen f\u00fcr 4 Stunden. F\u00fcr alle, die die Offshore Radio Top 50\u2026","rel":"","context":"In \"AM\"","block_context":{"text":"AM","link":"https:\/\/www.achimbrueckner.de\/freeradio\/php\/wordpress\/?tag=am"},"img":{"alt_text":"","src":"","width":0,"height":0},"classes":[]},{"id":11688,"url":"https:\/\/www.achimbrueckner.de\/freeradio\/php\/wordpress\/?p=11688","url_meta":{"origin":6755,"position":2},"title":"Radio-Brenner-Gedenkprogramm","author":"Administrator","date":"April 19, 2009 17:19","format":false,"excerpt":"Am Sonntag, 19. April, 19-22 Uhr, wird von FM-Kompakt \u00fcber Laut-FM das \"2. Radio-Brenner-Special\" ausgestrahlt und am 1. Mai am 19 Uhr wiederholt. Ein Wiederh\u00f6ren mit vielen Original-Aufzeichnungen von Wortbeitr\u00e4gen und Musik aus den damaligen Sendungen aus S\u00fcdtirol ist angesagt. http:\/\/www.laut.fm\/kompakt Info via Net-Radio","rel":"","context":"In &quot;webradio&quot;","block_context":{"text":"webradio","link":"https:\/\/www.achimbrueckner.de\/freeradio\/php\/wordpress\/?cat=13"},"img":{"alt_text":"","src":"","width":0,"height":0},"classes":[]},{"id":13701,"url":"https:\/\/www.achimbrueckner.de\/freeradio\/php\/wordpress\/?p=13701","url_meta":{"origin":6755,"position":3},"title":"Radio Bavaria International","author":"Administrator","date":"August 31, 2009 16:35","format":false,"excerpt":"Radio Bavaria International (RBI), der absolute Pionier der Privatradios aus S\u00fcdtirol, ist wieder da; und zwar in Form einer zweist\u00fcndigen Radioshow, die alle 14 Tage auf Caf\u00c3\u00a9 80s FM ausgestrahlt wird. Die beiden Moderatoren Mike Cain (Foto links) und J\u00fcrgen von Wedel, seinerzeit Mitbegr\u00fcnder von Radio Bavaria International, lassen ab\u2026","rel":"","context":"In &quot;webradio&quot;","block_context":{"text":"webradio","link":"https:\/\/www.achimbrueckner.de\/freeradio\/php\/wordpress\/?cat=13"},"img":{"alt_text":"","src":"","width":0,"height":0},"classes":[]},{"id":474381,"url":"https:\/\/www.achimbrueckner.de\/freeradio\/php\/wordpress\/?p=474381","url_meta":{"origin":6755,"position":4},"title":"PRESS RELEASE 2025 &#8211; RADIO TITANIC INTERNATIONAL RETURNS FOR A ONE-OFF EVENT","author":"Administrator","date":"July 31, 2025 18:59","format":false,"excerpt":"RADIO TITANIC INTERNATIONAL - PRESS RELEASE August 2025.pdf The never-ending story finally comes to an end: \"Germany's longest-serving free radio station,\" RADIO TITANIC INTERNATIONAL, which last contaminated the airwaves with its free radio programs 25 years ago, is back on shortwave for you, offering you the unique opportunity to hear\u2026","rel":"","context":"In &quot;English&quot;","block_context":{"text":"English","link":"https:\/\/www.achimbrueckner.de\/freeradio\/php\/wordpress\/?cat=2"},"img":{"alt_text":"","src":"","width":0,"height":0},"classes":[]},{"id":473870,"url":"https:\/\/www.achimbrueckner.de\/freeradio\/php\/wordpress\/?p=473870","url_meta":{"origin":6755,"position":5},"title":"Radio Seagull mit speziellem Programm f\u00fcr die Weihnachtswoche","author":"Administrator","date":"December 23, 2024 13:55","format":false,"excerpt":"Radio Seagull mit speziellem Programm f\u00fcr die Weihnachtswoche Radio Seagull hat sein Programm f\u00fcr die Weihnachtswoche angepasst. Das regul\u00e4re Programm wurde ge\u00e4ndert. Am Montag und Dienstag werden einige historische Sendungen von ehemaligen Seagull-Mitgliedern wie den k\u00fcrzlich verstorbenen Dave Foster und Carl Kingston wiederholt. Am ersten Weihnachtstag von 6 Uhr morgens\u2026","rel":"","context":"Similar post","block_context":{"text":"Similar post","link":""},"img":{"alt_text":"","src":"","width":0,"height":0},"classes":[]}],"_links":{"self":[{"href":"https:\/\/www.achimbrueckner.de\/freeradio\/php\/wordpress\/index.php?rest_route=\/wp\/v2\/posts\/6755","targetHints":{"allow":["GET"]}}],"collection":[{"href":"https:\/\/www.achimbrueckner.de\/freeradio\/php\/wordpress\/index.php?rest_route=\/wp\/v2\/posts"}],"about":[{"href":"https:\/\/www.achimbrueckner.de\/freeradio\/php\/wordpress\/index.php?rest_route=\/wp\/v2\/types\/post"}],"author":[{"embeddable":true,"href":"https:\/\/www.achimbrueckner.de\/freeradio\/php\/wordpress\/index.php?rest_route=\/wp\/v2\/users\/1"}],"replies":[{"embeddable":true,"href":"https:\/\/www.achimbrueckner.de\/freeradio\/php\/wordpress\/index.php?rest_route=%2Fwp%2Fv2%2Fcomments&post=6755"}],"version-history":[{"count":0,"href":"https:\/\/www.achimbrueckner.de\/freeradio\/php\/wordpress\/index.php?rest_route=\/wp\/v2\/posts\/6755\/revisions"}],"wp:attachment":[{"href":"https:\/\/www.achimbrueckner.de\/freeradio\/php\/wordpress\/index.php?rest_route=%2Fwp%2Fv2%2Fmedia&parent=6755"}],"wp:term":[{"taxonomy":"category","embeddable":true,"href":"https:\/\/www.achimbrueckner.de\/freeradio\/php\/wordpress\/index.php?rest_route=%2Fwp%2Fv2%2Fcategories&post=6755"},{"taxonomy":"post_tag","embeddable":true,"href":"https:\/\/www.achimbrueckner.de\/freeradio\/php\/wordpress\/index.php?rest_route=%2Fwp%2Fv2%2Ftags&post=6755"}],"curies":[{"name":"wp","href":"https:\/\/api.w.org\/{rel}","templated":true}]}}