{"id":745,"date":"2006-07-23T07:42:36","date_gmt":"2006-07-23T07:42:36","guid":{"rendered":"https:\/\/www.achimbrueckner.de\/freeradio\/php\/wordpress\/?p=745"},"modified":"2006-07-23T07:42:36","modified_gmt":"2006-07-23T07:42:36","slug":"radio-thunderbird-2","status":"publish","type":"post","link":"https:\/\/www.achimbrueckner.de\/freeradio\/php\/wordpress\/?p=745","title":{"rendered":"Radio Thunderbird"},"content":{"rendered":"<p>Um 07.35 Uhr UTC ist die Station schwach auf 6205 kHz zu empfangen. Daniel McQueen geht auf die zahlreichen Reaktionen auf zur\u00fcckliegende Sendungen ein.<\/p>\n","protected":false},"excerpt":{"rendered":"<p>Um 07.35 Uhr UTC ist die Station schwach auf 6205 kHz zu empfangen. Daniel McQueen geht auf die zahlreichen Reaktionen auf zur\u00fcckliegende Sendungen ein.<\/p>\n","protected":false},"author":2,"featured_media":0,"comment_status":"open","ping_status":"closed","sticky":false,"template":"","format":"standard","meta":{"_jetpack_memberships_contains_paid_content":false,"footnotes":"","jetpack_publicize_message":"","jetpack_publicize_feature_enabled":true,"jetpack_social_post_already_shared":false,"jetpack_social_options":{"image_generator_settings":{"template":"highway","default_image_id":0,"font":"","enabled":false},"version":2}},"categories":[3],"tags":[],"class_list":["post-745","post","type-post","status-publish","format-standard","hentry","category-empfang"],"jetpack_publicize_connections":[],"jetpack_featured_media_url":"","jetpack_sharing_enabled":true,"jetpack_shortlink":"https:\/\/wp.me\/p5CD59-c1","jetpack-related-posts":[{"id":197977,"url":"https:\/\/www.achimbrueckner.de\/freeradio\/php\/wordpress\/?p=197977","url_meta":{"origin":745,"position":0},"title":"chilenische Piratensender @RCWradio 7550 Khz","author":"Administrator","date":"June 27, 2015 08:22","format":false,"excerpt":"Tipp f\u00fcr Extrem-DX: Der chilenische Piratensender @RCWradio \u00fcbertr\u00e4gt die Spiele der Copa Am\u00e9rica 2015 auf 7550 kHz. Info via RCWradio via Radiopiraten","rel":"","context":"In \"AM\"","block_context":{"text":"AM","link":"https:\/\/www.achimbrueckner.de\/freeradio\/php\/wordpress\/?tag=am"},"img":{"alt_text":"","src":"","width":0,"height":0},"classes":[]},{"id":423,"url":"https:\/\/www.achimbrueckner.de\/freeradio\/php\/wordpress\/?p=423","url_meta":{"origin":745,"position":1},"title":"Delta Radio","author":"Administrator","date":"February 19, 2006 11:10","format":false,"excerpt":"Nachdem Pirate Wintermeeting auf der 6300 Khz Sendeschlu\u00df hat, ist Radio Delta aus Gelderland auf 6300 Khz um 1110 Utc mit O=4 zu h\u00f6ren. Auf den CQ-Ruf antworten Westcoast Radio auf 6300 Khz und Zender Robbie auf 6302 Khz, beide kommen mit O=2\/3 an, st\u00f6ren sich nur gegenseitig. Sp\u00e4ter st\u00f6\u00dft\u2026","rel":"","context":"In &quot;Empfang&quot;","block_context":{"text":"Empfang","link":"https:\/\/www.achimbrueckner.de\/freeradio\/php\/wordpress\/?cat=3"},"img":{"alt_text":"","src":"","width":0,"height":0},"classes":[]},{"id":22528,"url":"https:\/\/www.achimbrueckner.de\/freeradio\/php\/wordpress\/?p=22528","url_meta":{"origin":745,"position":2},"title":"Radio Gloria 26 Juni 2011","author":"Administrator","date":"June 26, 2011 06:53","format":false,"excerpt":"am 26. Juni 2011 ist Radio Gloria International auf mehreren Frequenzen on air. Auf 6005 KHz, 9 UTC f\u00fcr Westeuropa, auf 9480 KHz, 9 UTC f\u00fcr die Welt und auf 6140 KHz, 13 UTC f\u00fcr S\u00fcd- Ost- Europa auf 126 Grad. Info via A-DX","rel":"","context":"In \"AM\"","block_context":{"text":"AM","link":"https:\/\/www.achimbrueckner.de\/freeradio\/php\/wordpress\/?tag=am"},"img":{"alt_text":"","src":"","width":0,"height":0},"classes":[]},{"id":30800,"url":"https:\/\/www.achimbrueckner.de\/freeradio\/php\/wordpress\/?p=30800","url_meta":{"origin":745,"position":3},"title":"Kanaren auf Kurzwelle: Horizon FM startet auf 5780 kHz","author":"Administrator","date":"February 16, 2014 09:18","format":false,"excerpt":"http:\/\/www.dxaktuell.de\/2014\/02\/kanaren-auf-kurzwelle-horizon-fm-startet-auf-5780-khz\/","rel":"","context":"In \"dx\"","block_context":{"text":"dx","link":"https:\/\/www.achimbrueckner.de\/freeradio\/php\/wordpress\/?tag=dx"},"img":{"alt_text":"","src":"","width":0,"height":0},"classes":[]},{"id":465779,"url":"https:\/\/www.achimbrueckner.de\/freeradio\/php\/wordpress\/?p=465779","url_meta":{"origin":745,"position":4},"title":"Radio Nord Revival geht am 4. und 5. September wieder auf Sendung:","author":"Administrator","date":"September 4, 2021 13:28","format":false,"excerpt":"Radio Nord Revival geht am 4. und 5. September wieder auf Sendung: Ja, Radio Nord Revival wird am 4. und 5. September von 0700-1900 UTC von der Festung Vaxholm aus wieder auf Sendung sein. Dieses Mal senden wir auf SW von einem neuen Standort aus: Julita, am See Hj\u00e4lmaren. Unsere\u2026","rel":"","context":"Similar post","block_context":{"text":"Similar post","link":""},"img":{"alt_text":"","src":"","width":0,"height":0},"classes":[]},{"id":547,"url":"https:\/\/www.achimbrueckner.de\/freeradio\/php\/wordpress\/?p=547","url_meta":{"origin":745,"position":5},"title":"Radio Spaceman","author":"Administrator","date":"April 17, 2006 15:19","format":false,"excerpt":"Radio Spaceman powert um 1515 Utc auf 6303 Khz mit O=4. Es gibt holl\u00e4ndische Schlager auf die Ohren und Gr\u00fc\u00dfe an die Anrufer im Studio. Nachdem auf 6300 Khz ein anderes Powerhaus aufschaltete, ist Spaceman anscheinend auf 6306 Khz umgezogen. Um 1600 Utc kann ich das Signal nur erahnen, O=1\u2026","rel":"","context":"In &quot;Empfang&quot;","block_context":{"text":"Empfang","link":"https:\/\/www.achimbrueckner.de\/freeradio\/php\/wordpress\/?cat=3"},"img":{"alt_text":"","src":"","width":0,"height":0},"classes":[]}],"_links":{"self":[{"href":"https:\/\/www.achimbrueckner.de\/freeradio\/php\/wordpress\/index.php?rest_route=\/wp\/v2\/posts\/745","targetHints":{"allow":["GET"]}}],"collection":[{"href":"https:\/\/www.achimbrueckner.de\/freeradio\/php\/wordpress\/index.php?rest_route=\/wp\/v2\/posts"}],"about":[{"href":"https:\/\/www.achimbrueckner.de\/freeradio\/php\/wordpress\/index.php?rest_route=\/wp\/v2\/types\/post"}],"author":[{"embeddable":true,"href":"https:\/\/www.achimbrueckner.de\/freeradio\/php\/wordpress\/index.php?rest_route=\/wp\/v2\/users\/2"}],"replies":[{"embeddable":true,"href":"https:\/\/www.achimbrueckner.de\/freeradio\/php\/wordpress\/index.php?rest_route=%2Fwp%2Fv2%2Fcomments&post=745"}],"version-history":[{"count":0,"href":"https:\/\/www.achimbrueckner.de\/freeradio\/php\/wordpress\/index.php?rest_route=\/wp\/v2\/posts\/745\/revisions"}],"wp:attachment":[{"href":"https:\/\/www.achimbrueckner.de\/freeradio\/php\/wordpress\/index.php?rest_route=%2Fwp%2Fv2%2Fmedia&parent=745"}],"wp:term":[{"taxonomy":"category","embeddable":true,"href":"https:\/\/www.achimbrueckner.de\/freeradio\/php\/wordpress\/index.php?rest_route=%2Fwp%2Fv2%2Fcategories&post=745"},{"taxonomy":"post_tag","embeddable":true,"href":"https:\/\/www.achimbrueckner.de\/freeradio\/php\/wordpress\/index.php?rest_route=%2Fwp%2Fv2%2Ftags&post=745"}],"curies":[{"name":"wp","href":"https:\/\/api.w.org\/{rel}","templated":true}]}}