{"id":750,"date":"2006-07-23T08:56:04","date_gmt":"2006-07-23T08:56:04","guid":{"rendered":"https:\/\/www.achimbrueckner.de\/freeradio\/php\/wordpress\/?p=750"},"modified":"2006-07-23T08:56:39","modified_gmt":"2006-07-23T08:56:39","slug":"750","status":"publish","type":"post","link":"https:\/\/www.achimbrueckner.de\/freeradio\/php\/wordpress\/?p=750","title":{"rendered":"Radio Enjoy Deluxe"},"content":{"rendered":"<p>Das Merchweiler DX-Camp verf\u00fchrt wohl zu einer wahren Sendewut. Auf 6280 Khz ist um 0850 Utc  Radio Enjoy Deluxe mit O=3\/4 aufzunehmen. Es gibt teilweise etwas Splatter von der 6290 Khz, wo Paardenkracht und eine weitere holl\u00e4ndische Powerstation sich gegenseitig das Leben schwer machen.<\/p>\n","protected":false},"excerpt":{"rendered":"<p>Das Merchweiler DX-Camp verf\u00fchrt wohl zu einer wahren Sendewut. Auf 6280 Khz ist um 0850 Utc Radio Enjoy Deluxe mit O=3\/4 aufzunehmen. Es gibt teilweise etwas Splatter von der 6290 Khz, wo Paardenkracht und eine weitere holl\u00e4ndische Powerstation sich gegenseitig das Leben schwer machen.<\/p>\n","protected":false},"author":1,"featured_media":0,"comment_status":"open","ping_status":"closed","sticky":false,"template":"","format":"standard","meta":{"_jetpack_memberships_contains_paid_content":false,"footnotes":"","jetpack_publicize_message":"","jetpack_publicize_feature_enabled":true,"jetpack_social_post_already_shared":false,"jetpack_social_options":{"image_generator_settings":{"template":"highway","default_image_id":0,"font":"","enabled":false},"version":2}},"categories":[3],"tags":[22,36,28],"class_list":["post-750","post","type-post","status-publish","format-standard","hentry","category-empfang","tag-am","tag-camp","tag-dx"],"jetpack_publicize_connections":[],"jetpack_featured_media_url":"","jetpack_sharing_enabled":true,"jetpack_shortlink":"https:\/\/wp.me\/s5CD59-750","jetpack-related-posts":[{"id":197977,"url":"https:\/\/www.achimbrueckner.de\/freeradio\/php\/wordpress\/?p=197977","url_meta":{"origin":750,"position":0},"title":"chilenische Piratensender @RCWradio 7550 Khz","author":"Administrator","date":"June 27, 2015 08:22","format":false,"excerpt":"Tipp f\u00fcr Extrem-DX: Der chilenische Piratensender @RCWradio \u00fcbertr\u00e4gt die Spiele der Copa Am\u00e9rica 2015 auf 7550 kHz. Info via RCWradio via Radiopiraten","rel":"","context":"In \"AM\"","block_context":{"text":"AM","link":"https:\/\/www.achimbrueckner.de\/freeradio\/php\/wordpress\/?tag=am"},"img":{"alt_text":"","src":"","width":0,"height":0},"classes":[]},{"id":3381,"url":"https:\/\/www.achimbrueckner.de\/freeradio\/php\/wordpress\/?p=3381","url_meta":{"origin":750,"position":1},"title":"RMRC Radio","author":"Administrator","date":"July 28, 2007 17:02","format":false,"excerpt":"RMRC Radio is on 9290 Khz via Latvia at 1700 Utc with SINPO 55444. German programme about DX-Camp Langenselbold, Markus Weidner behind the microphone.","rel":"","context":"In &quot;reception&quot;","block_context":{"text":"reception","link":"https:\/\/www.achimbrueckner.de\/freeradio\/php\/wordpress\/?cat=4"},"img":{"alt_text":"","src":"","width":0,"height":0},"classes":[]},{"id":2802,"url":"https:\/\/www.achimbrueckner.de\/freeradio\/php\/wordpress\/?p=2802","url_meta":{"origin":750,"position":2},"title":"Peter Hell verstorben","author":"Administrator","date":"June 1, 2007 14:37","format":false,"excerpt":"Der SWLCS-Vorsitzende Peter Hell ist am 29. Mai 2007 verstorben. Er war ein gro\u00dfer Aktivposten der DX-Szene und ma\u00dfgeblich an der Ausrichtung des DX-Camps in Merchweiler beteiligt. Das Camp war beliebter Treffpunkt der europ\u00e4ischen Free-Radio Szene und wurde 32 mal veranstaltet. Ein Nachruf ist bei Willi Stengel sowie bei Radio\u2026","rel":"","context":"In \"AM\"","block_context":{"text":"AM","link":"https:\/\/www.achimbrueckner.de\/freeradio\/php\/wordpress\/?tag=am"},"img":{"alt_text":"","src":"","width":0,"height":0},"classes":[]},{"id":525,"url":"https:\/\/www.achimbrueckner.de\/freeradio\/php\/wordpress\/?p=525","url_meta":{"origin":750,"position":3},"title":"Merchweiler","author":"Administrator","date":"April 4, 2006 15:15","format":false,"excerpt":"SWLCS-KURZWELLENH\u00d6RERCLUB SAAR, Postfach 1230, D-66585 Merchweiler, Deutschland www.swlcs.de Email: p_hell(-a-)freenet.de Telefon u. FAX : 06825 \/ 8380 EINLADUNG RUNDFUNK INTERNATIONAL Unter diesem Motto findet das 32. INTERNATIONALE SWLCS-DX-CAMP in der Zeit vom 21.. bis einschlie\u00dflich 23. Juli 2006 in Merchweiler im Herzen des Saarlandes statt. W\u00e4hrend dieser drei Tage werden\u2026","rel":"","context":"In &quot;Camps&quot;","block_context":{"text":"Camps","link":"https:\/\/www.achimbrueckner.de\/freeradio\/php\/wordpress\/?cat=6"},"img":{"alt_text":"","src":"","width":0,"height":0},"classes":[]},{"id":1946,"url":"https:\/\/www.achimbrueckner.de\/freeradio\/php\/wordpress\/?p=1946","url_meta":{"origin":750,"position":4},"title":"Merchweiler DX-Camp 2007","author":"Administrator","date":"February 12, 2007 17:20","format":false,"excerpt":"Merchweiler DX-Camp Hallo Freunde, leider steht es immer noch nich fest, ob es 2007 ein DX-Camp in Merchweiler geben wird. Wenn ja - den Termin h\u00e4tten wir schon und kann vornotiert werden zwecks Urlaubsplanung : 20. bis einschl. 22. Juli 2007 Gru\u00df Peter Info via Bermuda-DX Update: Gerade kommt via\u2026","rel":"","context":"In &quot;Camps&quot;","block_context":{"text":"Camps","link":"https:\/\/www.achimbrueckner.de\/freeradio\/php\/wordpress\/?cat=6"},"img":{"alt_text":"","src":"","width":0,"height":0},"classes":[]},{"id":8454,"url":"https:\/\/www.achimbrueckner.de\/freeradio\/php\/wordpress\/?p=8454","url_meta":{"origin":750,"position":5},"title":"FMK Radiotreffen","author":"Administrator","date":"September 30, 2008 08:41","format":false,"excerpt":"Das n\u00e4chste und vorerst LETZTE FMK-Radiotreffen wird in Verbindung mit dem DX-Camp des Rhein- Main-Radio-Clubs in Langenselbold stattfinden. FM KOMPAKT wird vom Freitag, dem 03. 10. (sp\u00e4tmittags), bis Sonntag, dem 05. 10. 2008, \"vor Ort\" sein. F\u00fcr Samstag, dem 04. 10., haben sich u.a. Roger Kirk, Nick Barker, Christian Br\u00fclhart,\u2026","rel":"","context":"In &quot;Camps&quot;","block_context":{"text":"Camps","link":"https:\/\/www.achimbrueckner.de\/freeradio\/php\/wordpress\/?cat=6"},"img":{"alt_text":"","src":"","width":0,"height":0},"classes":[]}],"_links":{"self":[{"href":"https:\/\/www.achimbrueckner.de\/freeradio\/php\/wordpress\/index.php?rest_route=\/wp\/v2\/posts\/750","targetHints":{"allow":["GET"]}}],"collection":[{"href":"https:\/\/www.achimbrueckner.de\/freeradio\/php\/wordpress\/index.php?rest_route=\/wp\/v2\/posts"}],"about":[{"href":"https:\/\/www.achimbrueckner.de\/freeradio\/php\/wordpress\/index.php?rest_route=\/wp\/v2\/types\/post"}],"author":[{"embeddable":true,"href":"https:\/\/www.achimbrueckner.de\/freeradio\/php\/wordpress\/index.php?rest_route=\/wp\/v2\/users\/1"}],"replies":[{"embeddable":true,"href":"https:\/\/www.achimbrueckner.de\/freeradio\/php\/wordpress\/index.php?rest_route=%2Fwp%2Fv2%2Fcomments&post=750"}],"version-history":[{"count":0,"href":"https:\/\/www.achimbrueckner.de\/freeradio\/php\/wordpress\/index.php?rest_route=\/wp\/v2\/posts\/750\/revisions"}],"wp:attachment":[{"href":"https:\/\/www.achimbrueckner.de\/freeradio\/php\/wordpress\/index.php?rest_route=%2Fwp%2Fv2%2Fmedia&parent=750"}],"wp:term":[{"taxonomy":"category","embeddable":true,"href":"https:\/\/www.achimbrueckner.de\/freeradio\/php\/wordpress\/index.php?rest_route=%2Fwp%2Fv2%2Fcategories&post=750"},{"taxonomy":"post_tag","embeddable":true,"href":"https:\/\/www.achimbrueckner.de\/freeradio\/php\/wordpress\/index.php?rest_route=%2Fwp%2Fv2%2Ftags&post=750"}],"curies":[{"name":"wp","href":"https:\/\/api.w.org\/{rel}","templated":true}]}}