{"id":777,"date":"2006-08-13T09:28:08","date_gmt":"2006-08-13T09:28:08","guid":{"rendered":"https:\/\/www.achimbrueckner.de\/freeradio\/php\/wordpress\/?p=777"},"modified":"2006-08-13T09:29:02","modified_gmt":"2006-08-13T09:29:02","slug":"zender-paardenkracht-9","status":"publish","type":"post","link":"https:\/\/www.achimbrueckner.de\/freeradio\/php\/wordpress\/?p=777","title":{"rendered":"Zender Paardenkracht"},"content":{"rendered":"<p>Zender Paardenkracht ist um 0925 Utc auf 6265 Khz aktiv. Der Empfang ist O=3, die Bedingungen sind heute nicht gut. Gespielt werden sch\u00f6ne Oldies. Ein verzerrtes Spur-Signal vom Zender Paardenkracht empfange ich noch auf 6275 Khz.<br \/>\nAnsonsten herrscht heute g\u00e4hnende Leere im 48m Band.<\/p>\n","protected":false},"excerpt":{"rendered":"<p>Zender Paardenkracht ist um 0925 Utc auf 6265 Khz aktiv. Der Empfang ist O=3, die Bedingungen sind heute nicht gut. Gespielt werden sch\u00f6ne Oldies. Ein verzerrtes Spur-Signal vom Zender Paardenkracht empfange ich noch auf 6275 Khz. Ansonsten herrscht heute g\u00e4hnende Leere im 48m Band.<\/p>\n","protected":false},"author":1,"featured_media":0,"comment_status":"open","ping_status":"closed","sticky":false,"template":"","format":"standard","meta":{"_jetpack_memberships_contains_paid_content":false,"footnotes":"","jetpack_publicize_message":"","jetpack_publicize_feature_enabled":true,"jetpack_social_post_already_shared":false,"jetpack_social_options":{"image_generator_settings":{"template":"highway","default_image_id":0,"font":"","enabled":false},"version":2}},"categories":[3],"tags":[],"class_list":["post-777","post","type-post","status-publish","format-standard","hentry","category-empfang"],"jetpack_publicize_connections":[],"jetpack_featured_media_url":"","jetpack_sharing_enabled":true,"jetpack_shortlink":"https:\/\/wp.me\/p5CD59-cx","jetpack-related-posts":[{"id":298,"url":"https:\/\/www.achimbrueckner.de\/freeradio\/php\/wordpress\/?p=298","url_meta":{"origin":777,"position":0},"title":"Zender Paardenkracht","author":"Administrator","date":"January 15, 2006 09:25","format":false,"excerpt":"Der Zender Paardenkracht ist um 0925 Utc auf der 6325 Khz mit O=2 zu h\u00f6ren. Der Empfang ist heute auch schw\u00e4cher als gewohnt, viel Fading und Rauschen.","rel":"","context":"In &quot;Empfang&quot;","block_context":{"text":"Empfang","link":"https:\/\/www.achimbrueckner.de\/freeradio\/php\/wordpress\/?cat=3"},"img":{"alt_text":"","src":"","width":0,"height":0},"classes":[]},{"id":255,"url":"https:\/\/www.achimbrueckner.de\/freeradio\/php\/wordpress\/?p=255","url_meta":{"origin":777,"position":1},"title":"Zender Paardenkracht","author":"Administrator","date":"January 1, 2006 09:13","format":false,"excerpt":"Der Zender Paardenkracht ist um 0910 Utc auf der 6325 Khz zu h\u00f6ren. Der Empfang ist mittelm\u00e4\u00dfig mit O=3\/4, Rauschen und Fading auf der Frequenz. Gespielt werden einige Rolling Stones Klassiker. Die Bedingungen sind heute mittelm\u00e4\u00dfig, relativ viel Rauschen auf dem Band und die Signalst\u00e4rken sind auch nicht so hoch\u2026","rel":"","context":"In &quot;Empfang&quot;","block_context":{"text":"Empfang","link":"https:\/\/www.achimbrueckner.de\/freeradio\/php\/wordpress\/?cat=3"},"img":{"alt_text":"","src":"","width":0,"height":0},"classes":[]},{"id":208,"url":"https:\/\/www.achimbrueckner.de\/freeradio\/php\/wordpress\/?p=208","url_meta":{"origin":777,"position":2},"title":"Zender Paardenkracht","author":"Administrator","date":"December 25, 2005 08:57","format":false,"excerpt":"Zender Paardenkracht ist um 0855 Utc auf der 6265 Khz aktiv. Der Empfang ist mit O=3\/4 ausgezeichnet. Lange Zeit vorher war nur ein Tr\u00e4ger aufgeschaltet.","rel":"","context":"In &quot;Empfang&quot;","block_context":{"text":"Empfang","link":"https:\/\/www.achimbrueckner.de\/freeradio\/php\/wordpress\/?cat=3"},"img":{"alt_text":"","src":"","width":0,"height":0},"classes":[]},{"id":109,"url":"https:\/\/www.achimbrueckner.de\/freeradio\/php\/wordpress\/?p=109","url_meta":{"origin":777,"position":3},"title":"Zender Paardenkracht","author":"Administrator","date":"October 30, 2005 14:42","format":false,"excerpt":"Zender Paardenkracht ist um 1440 Utc auf der 6325 Khz zu h\u00f6ren. Der Empfang ist mit O=4 ausgezeichnet. Im Programm werden Empfangsberichte beantwortet und es gibt Oldies auf die Ohren. Ganz besonders freut sich diese noch junge Station, da\u00df sie schon von Dave Valko in den USA geh\u00f6rt wurde. Von\u2026","rel":"","context":"In &quot;Empfang&quot;","block_context":{"text":"Empfang","link":"https:\/\/www.achimbrueckner.de\/freeradio\/php\/wordpress\/?cat=3"},"img":{"alt_text":"","src":"","width":0,"height":0},"classes":[]},{"id":162,"url":"https:\/\/www.achimbrueckner.de\/freeradio\/php\/wordpress\/?p=162","url_meta":{"origin":777,"position":4},"title":"Zender Paardenkracht","author":"Administrator","date":"December 4, 2005 13:22","format":false,"excerpt":"Der Zender Paardenkracht ist um 1310 Utc auf 6240 Khz in der Luft. Der Empfang ist mit O=3\/4 recht gut. Im Programm werden Empfangsberichte beantwortet und Oldies gespielt.","rel":"","context":"In &quot;Empfang&quot;","block_context":{"text":"Empfang","link":"https:\/\/www.achimbrueckner.de\/freeradio\/php\/wordpress\/?cat=3"},"img":{"alt_text":"","src":"","width":0,"height":0},"classes":[]},{"id":722,"url":"https:\/\/www.achimbrueckner.de\/freeradio\/php\/wordpress\/?p=722","url_meta":{"origin":777,"position":5},"title":"Zender Paardenkracht","author":"Administrator","date":"July 9, 2006 08:18","format":false,"excerpt":"Zender Paardenkracht ist um 0815 Utc auf 6325 Khz mit O=4 zu h\u00f6ren. Eine zweite Station ist auf 6269 Khz aktiv, momentan aber wieder mal nicht zu h\u00f6ren.","rel":"","context":"In &quot;Empfang&quot;","block_context":{"text":"Empfang","link":"https:\/\/www.achimbrueckner.de\/freeradio\/php\/wordpress\/?cat=3"},"img":{"alt_text":"","src":"","width":0,"height":0},"classes":[]}],"_links":{"self":[{"href":"https:\/\/www.achimbrueckner.de\/freeradio\/php\/wordpress\/index.php?rest_route=\/wp\/v2\/posts\/777","targetHints":{"allow":["GET"]}}],"collection":[{"href":"https:\/\/www.achimbrueckner.de\/freeradio\/php\/wordpress\/index.php?rest_route=\/wp\/v2\/posts"}],"about":[{"href":"https:\/\/www.achimbrueckner.de\/freeradio\/php\/wordpress\/index.php?rest_route=\/wp\/v2\/types\/post"}],"author":[{"embeddable":true,"href":"https:\/\/www.achimbrueckner.de\/freeradio\/php\/wordpress\/index.php?rest_route=\/wp\/v2\/users\/1"}],"replies":[{"embeddable":true,"href":"https:\/\/www.achimbrueckner.de\/freeradio\/php\/wordpress\/index.php?rest_route=%2Fwp%2Fv2%2Fcomments&post=777"}],"version-history":[{"count":0,"href":"https:\/\/www.achimbrueckner.de\/freeradio\/php\/wordpress\/index.php?rest_route=\/wp\/v2\/posts\/777\/revisions"}],"wp:attachment":[{"href":"https:\/\/www.achimbrueckner.de\/freeradio\/php\/wordpress\/index.php?rest_route=%2Fwp%2Fv2%2Fmedia&parent=777"}],"wp:term":[{"taxonomy":"category","embeddable":true,"href":"https:\/\/www.achimbrueckner.de\/freeradio\/php\/wordpress\/index.php?rest_route=%2Fwp%2Fv2%2Fcategories&post=777"},{"taxonomy":"post_tag","embeddable":true,"href":"https:\/\/www.achimbrueckner.de\/freeradio\/php\/wordpress\/index.php?rest_route=%2Fwp%2Fv2%2Ftags&post=777"}],"curies":[{"name":"wp","href":"https:\/\/api.w.org\/{rel}","templated":true}]}}