{"id":947,"date":"2006-10-02T16:28:17","date_gmt":"2006-10-02T16:28:17","guid":{"rendered":"https:\/\/www.achimbrueckner.de\/freeradio\/php\/wordpress\/?p=947"},"modified":"2006-10-02T16:29:18","modified_gmt":"2006-10-02T16:29:18","slug":"sunshine-radio-2","status":"publish","type":"post","link":"https:\/\/www.achimbrueckner.de\/freeradio\/php\/wordpress\/?p=947","title":{"rendered":"Sunshine Radio"},"content":{"rendered":"<p>Sunshine Radio, bekannt von der 6307 Khz AM, ist auch im web vertreten unter <a href=\"http:\/\/www.repage.de\/member\/sunshineam\/index.htm\">http:\/\/www.repage.de\/member\/sunshineam\/index.htm<\/a>.<br \/>\nAnsprechende Webseite mit Sender- und Studiofotos, Bauanleitungen zu Sendern und erhaltenen Empfangsberichten.<\/p>\n<p>Quelle: Sebastian Budde im <a href=\"http:\/\/forum.mysnip.de\/list.php?21097\">Piratenradioforum<\/a><\/p>\n","protected":false},"excerpt":{"rendered":"<p>Sunshine Radio, bekannt von der 6307 Khz AM, ist auch im web vertreten unter http:\/\/www.repage.de\/member\/sunshineam\/index.htm. Ansprechende Webseite mit Sender- und Studiofotos, Bauanleitungen zu Sendern und erhaltenen Empfangsberichten. Quelle: Sebastian Budde im Piratenradioforum<\/p>\n","protected":false},"author":1,"featured_media":0,"comment_status":"open","ping_status":"closed","sticky":false,"template":"","format":"standard","meta":{"_jetpack_memberships_contains_paid_content":false,"footnotes":"","jetpack_publicize_message":"","jetpack_publicize_feature_enabled":true,"jetpack_social_post_already_shared":false,"jetpack_social_options":{"image_generator_settings":{"template":"highway","default_image_id":0,"font":"","enabled":false},"version":2}},"categories":[9],"tags":[22,26],"class_list":["post-947","post","type-post","status-publish","format-standard","hentry","category-links","tag-am","tag-web"],"jetpack_publicize_connections":[],"jetpack_featured_media_url":"","jetpack_sharing_enabled":true,"jetpack_shortlink":"https:\/\/wp.me\/p5CD59-fh","jetpack-related-posts":[{"id":2868,"url":"https:\/\/www.achimbrueckner.de\/freeradio\/php\/wordpress\/?p=2868","url_meta":{"origin":947,"position":0},"title":"Radio Sunshine","author":"Administrator","date":"June 27, 2004 20:20","format":false,"excerpt":"Radio Sunshine wurde am 27.06.04 abends um 1930 UTC auf 6308 khz gut empfangen. Die Station ist via der email-Adresse sunshineam(@)web.de erreichbar. Der Schwerpunkt des FreeRadio-H\u00f6rens kann zur Zeit getrost in die Abendstunden verlegt werden. Morgens kommt kaum was durch, aber abends sind die Signale im 48m Band st\u00e4rker und\u2026","rel":"","context":"In &quot;Empfang&quot;","block_context":{"text":"Empfang","link":"https:\/\/www.achimbrueckner.de\/freeradio\/php\/wordpress\/?cat=3"},"img":{"alt_text":"","src":"","width":0,"height":0},"classes":[]},{"id":38477,"url":"https:\/\/www.achimbrueckner.de\/freeradio\/php\/wordpress\/?p=38477","url_meta":{"origin":947,"position":1},"title":"Vintage QSL Sunshine Radio","author":"Administrator","date":"February 13, 2015 22:13","format":false,"excerpt":"","rel":"","context":"In &quot;QSL&quot;","block_context":{"text":"QSL","link":"https:\/\/www.achimbrueckner.de\/freeradio\/php\/wordpress\/?cat=8"},"img":{"alt_text":"","src":"","width":0,"height":0},"classes":[]},{"id":471326,"url":"https:\/\/www.achimbrueckner.de\/freeradio\/php\/wordpress\/?p=471326","url_meta":{"origin":947,"position":2},"title":"Sunshine Radio &#8211; The Sunshine Story &#8211; 1986","author":"Administrator","date":"November 21, 2022 17:07","format":false,"excerpt":"https:\/\/www.mixcloud.com\/TheRadioArchive\/sunshine-radio-the-sunshine-story-1986\/","rel":"","context":"In &quot;English&quot;","block_context":{"text":"English","link":"https:\/\/www.achimbrueckner.de\/freeradio\/php\/wordpress\/?cat=2"},"img":{"alt_text":"","src":"","width":0,"height":0},"classes":[]},{"id":15323,"url":"https:\/\/www.achimbrueckner.de\/freeradio\/php\/wordpress\/?p=15323","url_meta":{"origin":947,"position":3},"title":"Sunshine Radio","author":"Administrator","date":"November 30, 2009 20:14","format":false,"excerpt":"Pirate Radio in the 80th: Sunshine Radio http:\/\/www.youtube.com\/watch?v=2sl9C_nwdWM Info via RadioCarolineMailinglist","rel":"","context":"In &quot;links&quot;","block_context":{"text":"links","link":"https:\/\/www.achimbrueckner.de\/freeradio\/php\/wordpress\/?cat=9"},"img":{"alt_text":"","src":"","width":0,"height":0},"classes":[]},{"id":28860,"url":"https:\/\/www.achimbrueckner.de\/freeradio\/php\/wordpress\/?p=28860","url_meta":{"origin":947,"position":4},"title":"FM Kompakt Radiotage 2014","author":"Administrator","date":"September 23, 2013 14:35","format":false,"excerpt":"Ank\u00fcndigung: FM Kompakt Radiotage 2014 Nun ist`s offiziell: Das n\u00e4chste FMK-Treffen findet in S\u00fcdtirol statt. Seit Jahren wurde immer wieder der Wunsch einer \"Radio-Tour\" nach S\u00fcdtirol laut. Ich habe meinen diesj\u00e4hrigen Urlaub nach S\u00fcdtirol damit verbunden, um die ersten Details zu vereinbaren: Das Treffen findet vom Samstag, den 10.5. bis\u2026","rel":"","context":"In &quot;Camps&quot;","block_context":{"text":"Camps","link":"https:\/\/www.achimbrueckner.de\/freeradio\/php\/wordpress\/?cat=6"},"img":{"alt_text":"","src":"","width":0,"height":0},"classes":[]},{"id":465248,"url":"https:\/\/www.achimbrueckner.de\/freeradio\/php\/wordpress\/?p=465248","url_meta":{"origin":947,"position":5},"title":"Sunshine Radio charity auction","author":"Administrator","date":"April 23, 2021 16:24","format":false,"excerpt":"https:\/\/pirate.ie\/archive\/sunshine-radio-charity-auction\/","rel":"","context":"In &quot;English&quot;","block_context":{"text":"English","link":"https:\/\/www.achimbrueckner.de\/freeradio\/php\/wordpress\/?cat=2"},"img":{"alt_text":"","src":"","width":0,"height":0},"classes":[]}],"_links":{"self":[{"href":"https:\/\/www.achimbrueckner.de\/freeradio\/php\/wordpress\/index.php?rest_route=\/wp\/v2\/posts\/947","targetHints":{"allow":["GET"]}}],"collection":[{"href":"https:\/\/www.achimbrueckner.de\/freeradio\/php\/wordpress\/index.php?rest_route=\/wp\/v2\/posts"}],"about":[{"href":"https:\/\/www.achimbrueckner.de\/freeradio\/php\/wordpress\/index.php?rest_route=\/wp\/v2\/types\/post"}],"author":[{"embeddable":true,"href":"https:\/\/www.achimbrueckner.de\/freeradio\/php\/wordpress\/index.php?rest_route=\/wp\/v2\/users\/1"}],"replies":[{"embeddable":true,"href":"https:\/\/www.achimbrueckner.de\/freeradio\/php\/wordpress\/index.php?rest_route=%2Fwp%2Fv2%2Fcomments&post=947"}],"version-history":[{"count":0,"href":"https:\/\/www.achimbrueckner.de\/freeradio\/php\/wordpress\/index.php?rest_route=\/wp\/v2\/posts\/947\/revisions"}],"wp:attachment":[{"href":"https:\/\/www.achimbrueckner.de\/freeradio\/php\/wordpress\/index.php?rest_route=%2Fwp%2Fv2%2Fmedia&parent=947"}],"wp:term":[{"taxonomy":"category","embeddable":true,"href":"https:\/\/www.achimbrueckner.de\/freeradio\/php\/wordpress\/index.php?rest_route=%2Fwp%2Fv2%2Fcategories&post=947"},{"taxonomy":"post_tag","embeddable":true,"href":"https:\/\/www.achimbrueckner.de\/freeradio\/php\/wordpress\/index.php?rest_route=%2Fwp%2Fv2%2Ftags&post=947"}],"curies":[{"name":"wp","href":"https:\/\/api.w.org\/{rel}","templated":true}]}}